{"id":461,"date":"2018-03-06T10:46:37","date_gmt":"2018-03-06T10:46:37","guid":{"rendered":"http:\/\/afbcompucenter.com\/blog\/?p=461"},"modified":"2018-03-04T14:49:15","modified_gmt":"2018-03-04T14:49:15","slug":"la-culpa-no-es-de-los-millenials","status":"publish","type":"post","link":"https:\/\/afbcompucenter.com\/blog\/la-culpa-no-es-de-los-millenials\/","title":{"rendered":"La culpa no es de los Millenials"},"content":{"rendered":"<p>Los <strong>millennial<\/strong> han sido acusados de ser una pesadilla para los <strong>empleadores<\/strong>. A los j\u00f3venes de esta <strong>generaci\u00f3n<\/strong> se les han adjudicado adjetivos como flojos, hedonistas e indolentes, mismos que los convierten en la peor inversi\u00f3n para una empresa. Tambi\u00e9n se les ha se\u00f1alado como culpables del alto porcentaje de rotaci\u00f3n de personal en las organizaciones, incluso hay quienes se han atrevido a sugerir que la mejor decisi\u00f3n ser\u00eda que nadie contratara millennial. Vaya manera de pensar (<em>Fail,\u00a0<\/em>dir\u00edan ellos)<em>.\u00a0<\/em><\/p>\n<p>La culpa no es completamente del millennial. La cultura organizacional de las empresas (o la falta de ella) ha influido en que retener su talento sea cada vez m\u00e1s complicado. Y no me refiero a cuadros colgando con la \u201cMisi\u00f3n, Visi\u00f3n y Valores\u201d de la compa\u00f1\u00eda, sino a una cultura que se vive y se predica no s\u00f3lo en la oficina, sino que se practica y se contagia 24\/7.<\/p>\n<p>Si queremos que nuestras empresas evolucionen, es necesario que lo hagan a la par de las nuevas generaciones. Debemos comprender la mentalidad de este segmento. Si tomamos en cuenta que la jubilaci\u00f3n es una prestaci\u00f3n que ha desaparecido para los millennial, que el mundo digital les abri\u00f3 la puerta a una infinidad de opciones laborales en todo el mundo y que han sido educados para emprender, \u00bfqu\u00e9 nos hace pensar que van a quedarse en un trabajo en el que no est\u00e9n satisfechos?\u00a0Y el estar satisfechos no se trata de tener m\u00e1s vacaciones, de un alt\u00edsimo sueldo o una carga ligera de trabajo, se trata de sentirnos valorados como personas, de estar en un lugar en donde realmente tengamos oportunidades de crecer con base al m\u00e9rito de nuestras acciones, donde nuestras ideas sean escuchadas y donde no haya jefes, sino l\u00edderes que provean las herramientas para que sus colaboradores sean exitosos. Un lugar donde al sentirse parte del proyecto inviertan por convicci\u00f3n sus recursos y capacidades.<\/p>\n<p>Dentro de todas las caracter\u00edsticas que le han asignado a la <strong>Generaci\u00f3n Millennial<\/strong>, una cosa es cierta: quieren cambiar al mundo, y no s\u00f3lo eso, pueden hacerlo. Adem\u00e1s, quieren que este cambio comience en los lugares en los que trabajan. Les gusta la meritocracia, agradecen trabajar para una empresa donde crezca quien m\u00e1s trabaje, no quien mejor conectado est\u00e9.<\/p>\n<p>La cultura organizacional es un tema clave al que suele rest\u00e1rsele importancia por la necesidad de resolver lo urgente. Pero \u00bfd\u00f3nde comienza una buena cultura organizacional? Sencillo: en la calidad de tus colaboradores.<\/p>\n<p>Si tu plan es ser emprendedor, o bien, ya emprendiste y est\u00e1s en etapa de crecimiento, toma en cuenta esta opini\u00f3n: las empresas est\u00e1n hechas de personas, y el centro de toda empresa debe ser el colaborador. El primer paso para formar una gran empresa exitosa que logre trascender es buscar a gente exitosa, ambiciosa y con metas claras para que forme parte de ella. Es obvio, pero no es sencillo.<\/p>\n<div id=\"ez-toc-container\" class=\"ez-toc-v2_0_49 counter-hierarchy ez-toc-counter ez-toc-grey ez-toc-container-direction\">\n<div class=\"ez-toc-title-container\">\n<p class=\"ez-toc-title\">Contenido<\/p>\n<span class=\"ez-toc-title-toggle\"><a href=\"#\" class=\"ez-toc-pull-right ez-toc-btn ez-toc-btn-xs ez-toc-btn-default ez-toc-toggle\" aria-label=\"ez-toc-toggle-icon-1\"><label for=\"item-69f185dc33076\" aria-label=\"Tabla de contenidos\"><span style=\"display: flex;align-items: center;width: 35px;height: 30px;justify-content: center;direction:ltr;\"><svg style=\"fill: #999;color:#999\" xmlns=\"http:\/\/www.w3.org\/2000\/svg\" class=\"list-377408\" width=\"20px\" height=\"20px\" viewBox=\"0 0 24 24\" fill=\"none\"><path d=\"M6 6H4v2h2V6zm14 0H8v2h12V6zM4 11h2v2H4v-2zm16 0H8v2h12v-2zM4 16h2v2H4v-2zm16 0H8v2h12v-2z\" fill=\"currentColor\"><\/path><\/svg><svg style=\"fill: #999;color:#999\" class=\"arrow-unsorted-368013\" xmlns=\"http:\/\/www.w3.org\/2000\/svg\" width=\"10px\" height=\"10px\" viewBox=\"0 0 24 24\" version=\"1.2\" baseProfile=\"tiny\"><path d=\"M18.2 9.3l-6.2-6.3-6.2 6.3c-.2.2-.3.4-.3.7s.1.5.3.7c.2.2.4.3.7.3h11c.3 0 .5-.1.7-.3.2-.2.3-.5.3-.7s-.1-.5-.3-.7zM5.8 14.7l6.2 6.3 6.2-6.3c.2-.2.3-.5.3-.7s-.1-.5-.3-.7c-.2-.2-.4-.3-.7-.3h-11c-.3 0-.5.1-.7.3-.2.2-.3.5-.3.7s.1.5.3.7z\"\/><\/svg><\/span><\/label><input  type=\"checkbox\" id=\"item-69f185dc33076\"><\/a><\/span><\/div>\n<nav><ul class='ez-toc-list ez-toc-list-level-1 ' ><li class='ez-toc-page-1 ez-toc-heading-level-2'><a class=\"ez-toc-link ez-toc-heading-1\" href=\"https:\/\/afbcompucenter.com\/blog\/la-culpa-no-es-de-los-millenials\/#%C2%BFComo_se_asegura_una_empresa_de_contratar_solo_a_los_mejores\" title=\"\u00bfC\u00f3mo se asegura una empresa de contratar s\u00f3lo a los mejores?\">\u00bfC\u00f3mo se asegura una empresa de contratar s\u00f3lo a los mejores?<\/a><\/li><li class='ez-toc-page-1 ez-toc-heading-level-2'><a class=\"ez-toc-link ez-toc-heading-2\" href=\"https:\/\/afbcompucenter.com\/blog\/la-culpa-no-es-de-los-millenials\/#%C2%BFComo_puede_un_empleador_diferenciar_entre_un_mercenario_alguien_que_solo_hace_lo_que_tiene_que_hacer_para_cobrar_un_cheque_y_alguien_que_realmente_quiere_aportar_valor_a_tu_empresa\" title=\"\u00bfC\u00f3mo puede un empleador diferenciar entre un mercenario (alguien que s\u00f3lo hace lo que tiene qu\u00e9 hacer para cobrar un cheque) y alguien que realmente quiere aportar valor a tu empresa?\">\u00bfC\u00f3mo puede un empleador diferenciar entre un mercenario (alguien que s\u00f3lo hace lo que tiene qu\u00e9 hacer para cobrar un cheque) y alguien que realmente quiere aportar valor a tu empresa?<\/a><\/li><li class='ez-toc-page-1 ez-toc-heading-level-2'><a class=\"ez-toc-link ez-toc-heading-3\" href=\"https:\/\/afbcompucenter.com\/blog\/la-culpa-no-es-de-los-millenials\/#%C2%BFQue_es_el_Onboarding\" title=\"\u00bfQu\u00e9 es el Onboarding?\u00a0\">\u00bfQu\u00e9 es el Onboarding?\u00a0<\/a><\/li><\/ul><\/nav><\/div>\n<h2><span class=\"ez-toc-section\" id=\"%C2%BFComo_se_asegura_una_empresa_de_contratar_solo_a_los_mejores\"><\/span><strong>\u00bfC\u00f3mo se asegura una empresa de contratar s\u00f3lo a los mejores?<\/strong><span class=\"ez-toc-section-end\"><\/span><\/h2>\n<p>Partamos de la premisa de que las habilidades son aprendidas, sin embargo, no puedes ense\u00f1arle a alguien a ser entusiasta, a tener buena actitud o a tener una cultura que encaje con tu empresa. Se tiene o no se tiene, no hay m\u00e1s. No se puede estar medio embarazado, o est\u00e1s o no. Bajo este punto, adem\u00e1s del curr\u00edculum y los ex\u00e1menes b\u00e1sicos de conocimiento y aptitudes, una entrevista en la que conozcas la actitud, los valores y hasta el sentido del humor del candidato es ideal. Contrata gente apasionada, que crea en tu empresa y que sea humilde. Contrata un equipo incre\u00edble para que tu empresa sea incre\u00edble.<\/p>\n<p>Detecta y dile adi\u00f3s a los \u201c<strong>vampiros emocionales<\/strong>\u201d esos que con comentarios sarc\u00e1sticos y acciones poco apropiadas van infectando a tu empresa. No los necesitas en tu equipo. Si ya los tienes y no los despides a tiempo te pueden traer a largo plazo un problema mayor con el resto del personal. Si tienes duda sobre alguien, lo m\u00e1s seguro es que no hay duda, es un vampiro. A\u00fan si realizan su trabajo y cumplen con las metas establecidas, su actitud terminar\u00e1 por impactar negativamente a la organizaci\u00f3n.<\/p>\n<p>Una pr\u00e1ctica de contrataci\u00f3n com\u00fan en Resuelve, empresa mexicana que ocupa el Primer puesto en el Ranking Great Place to Work en la categor\u00eda de <em>Las mejores empresas para trabajar para la Generaci\u00f3n Millennial<\/em>, es que el candidato sea entrevistado por lo menos por otros dos miembros del equipo que representen fielmente la cultura de la empresa, aunque no necesariamente pertenezcan a su \u00e1rea o al departamento de Talento. La finalidad de esta entrevista es identificar a aquellos candidatos que mejor encajen con nuestra cultura y con el equipo. El entrevistador debe preguntarse: si tuviera qu\u00e9 convivir con esta persona en mi d\u00eda a d\u00eda \u00bfme sentir\u00eda contento?<\/p>\n<h2><span class=\"ez-toc-section\" id=\"%C2%BFComo_puede_un_empleador_diferenciar_entre_un_mercenario_alguien_que_solo_hace_lo_que_tiene_que_hacer_para_cobrar_un_cheque_y_alguien_que_realmente_quiere_aportar_valor_a_tu_empresa\"><\/span>\u00bfC\u00f3mo puede un empleador diferenciar entre un mercenario (alguien que s\u00f3lo hace lo que tiene qu\u00e9 hacer para cobrar un cheque) y alguien que realmente quiere aportar valor a tu empresa?<span class=\"ez-toc-section-end\"><\/span><\/h2>\n<p>Retomamos el punto anterior: el entusiasmo y la actitud son clave. Platica con tu candidato, es importante que eval\u00faes su capacidad y sus ganas de aprender, su hambre de crecer y la confianza que transmite. Perm\u00edtete confiar en tu sexto sentido, si amas a tu empresa no permitir\u00e1s que forme parte de ella alguien que no aportar\u00e1 a su crecimiento.<\/p>\n<p>Una vez que hayas encontrado a tu candidato ideal, un proceso de <strong><em>Onboarding<\/em><\/strong> ayudar\u00e1 a que tu nueva contrataci\u00f3n se adapte r\u00e1pidamente al equipo, se mantenga motivado y por ende, mantenga alta su productividad y sus ganas de aportar desde el d\u00eda uno.<\/p>\n<h2><span class=\"ez-toc-section\" id=\"%C2%BFQue_es_el_Onboarding\"><\/span><strong>\u00bfQu\u00e9 es el Onboarding?\u00a0<\/strong><span class=\"ez-toc-section-end\"><\/span><\/h2>\n<p>Se trata del proceso mediante el cual se pretende que el nuevo integrante del equipo se sienta a bordo del barco. En este proceso se realizan actividades en las cuales tu nuevo talento podr\u00e1 integrarse a tu empresa y vivir su cultura. Para que este proceso sea exitoso, el resto de los colaboradores deben sentirse empoderados y satisfechos, s\u00f3lo de esta manera podr\u00e1n contagiar al nuevo miembro. Es m\u00e1s que un simple proceso de inducci\u00f3n o de capacitaci\u00f3n, es asegurarte de implementar permanentemente t\u00e1cticas para retener a tu talento humano. No te olvides de los colaboradores que ya forman parte del equipo, extiende tu programa de <em>onboarding<\/em> para recordarle a todos cual es el prop\u00f3sito de estar ah\u00ed.<\/p>\n<p>Ten siempre en mente que el \u00e9xito de una empresa de cualquier tama\u00f1o reside en el talento de la gente que la forma. Los millennials buscan empresas que les generen pasi\u00f3n y un sentido de pertenencia, donde sean estimulados y retados, un trabajo que tenga un prop\u00f3sito, que ofrezca soluciones al mundo. Puede parecer que exigen demasiado, pero te aseguro que tambi\u00e9n tienen mucho que aportar.<\/p>\n<p>Ya le has invertido d\u00edas enteros a incubar tu empresa, ahora rod\u00e9ate del mejor equipo. Sal y haz posible lo imposible.<\/p>\n","protected":false},"excerpt":{"rendered":"<p>Los millennial han sido acusados de ser una pesadilla para los empleadores. A los j\u00f3venes de esta generaci\u00f3n se les han adjudicado adjetivos como flojos, hedonistas e indolentes, mismos que los convierten en la peor inversi\u00f3n para una empresa. Tambi\u00e9n se les ha se\u00f1alado como culpables del alto porcentaje de rotaci\u00f3n de personal en las [&hellip;]<\/p>\n","protected":false},"author":1,"featured_media":462,"comment_status":"open","ping_status":"open","sticky":false,"template":"","format":"standard","meta":{"spay_email":""},"categories":[38,22],"tags":[],"acf":[],"yoast_head":"<!-- This site is optimized with the Yoast SEO plugin v16.7 - https:\/\/yoast.com\/wordpress\/plugins\/seo\/ -->\n<meta name=\"robots\" content=\"index, follow, max-snippet:-1, max-image-preview:large, max-video-preview:-1\" \/>\n<link rel=\"canonical\" href=\"https:\/\/afbcompucenter.com\/blog\/la-culpa-no-es-de-los-millenials\/\" \/>\n<meta property=\"og:locale\" content=\"es_ES\" \/>\n<meta property=\"og:type\" content=\"article\" \/>\n<meta property=\"og:title\" content=\"La culpa no es de los Millenials - AFB Solutions BLOG\" \/>\n<meta property=\"og:description\" content=\"Los millennial han sido acusados de ser una pesadilla para los empleadores. A los j\u00f3venes de esta generaci\u00f3n se les han adjudicado adjetivos como flojos, hedonistas e indolentes, mismos que los convierten en la peor inversi\u00f3n para una empresa. Tambi\u00e9n se les ha se\u00f1alado como culpables del alto porcentaje de rotaci\u00f3n de personal en las [&hellip;]\" \/>\n<meta property=\"og:url\" content=\"https:\/\/afbcompucenter.com\/blog\/la-culpa-no-es-de-los-millenials\/\" \/>\n<meta property=\"og:site_name\" content=\"AFB Solutions BLOG\" \/>\n<meta property=\"article:publisher\" content=\"https:\/\/www.facebook.com\/AFBCompucenter\" \/>\n<meta property=\"article:published_time\" content=\"2018-03-06T10:46:37+00:00\" \/>\n<meta property=\"article:modified_time\" content=\"2018-03-04T14:49:15+00:00\" \/>\n<meta property=\"og:image\" content=\"https:\/\/afbcompucenter.com\/blog\/wp-content\/uploads\/2018\/03\/20170213140010-millennial.jpeg\" \/>\n\t<meta property=\"og:image:width\" content=\"700\" \/>\n\t<meta property=\"og:image:height\" content=\"350\" \/>\n<meta name=\"twitter:card\" content=\"summary_large_image\" \/>\n<meta name=\"twitter:creator\" content=\"@afbcompucenter\" \/>\n<meta name=\"twitter:site\" content=\"@afbcompucenter\" \/>\n<meta name=\"twitter:label1\" content=\"Escrito por\" \/>\n\t<meta name=\"twitter:data1\" content=\"admin\" \/>\n\t<meta name=\"twitter:label2\" content=\"Tiempo de lectura\" \/>\n\t<meta name=\"twitter:data2\" content=\"6 minutos\" \/>\n<script type=\"application\/ld+json\" class=\"yoast-schema-graph\">{\"@context\":\"https:\/\/schema.org\",\"@graph\":[{\"@type\":\"Organization\",\"@id\":\"https:\/\/afbcompucenter.com\/blog\/#organization\",\"name\":\"AFB Solutions\",\"url\":\"https:\/\/afbcompucenter.com\/blog\/\",\"sameAs\":[\"https:\/\/www.facebook.com\/AFBCompucenter\",\"https:\/\/www.instagram.com\/afbsolutions\/\",\"https:\/\/www.linkedin.com\/company\/afbsolutions\",\"https:\/\/twitter.com\/afbcompucenter\"],\"logo\":{\"@type\":\"ImageObject\",\"@id\":\"https:\/\/afbcompucenter.com\/blog\/#logo\",\"inLanguage\":\"es\",\"url\":\"https:\/\/afbcompucenter.com\/blog\/wp-content\/uploads\/2025\/03\/afb-solutions-blog-R.png\",\"contentUrl\":\"https:\/\/afbcompucenter.com\/blog\/wp-content\/uploads\/2025\/03\/afb-solutions-blog-R.png\",\"width\":544,\"height\":180,\"caption\":\"AFB Solutions\"},\"image\":{\"@id\":\"https:\/\/afbcompucenter.com\/blog\/#logo\"}},{\"@type\":\"WebSite\",\"@id\":\"https:\/\/afbcompucenter.com\/blog\/#website\",\"url\":\"https:\/\/afbcompucenter.com\/blog\/\",\"name\":\"AFB Solutions BLOG\",\"description\":\"Haciendo que sus ideas viajen\",\"publisher\":{\"@id\":\"https:\/\/afbcompucenter.com\/blog\/#organization\"},\"potentialAction\":[{\"@type\":\"SearchAction\",\"target\":{\"@type\":\"EntryPoint\",\"urlTemplate\":\"https:\/\/afbcompucenter.com\/blog\/?s={search_term_string}\"},\"query-input\":\"required name=search_term_string\"}],\"inLanguage\":\"es\"},{\"@type\":\"ImageObject\",\"@id\":\"https:\/\/afbcompucenter.com\/blog\/la-culpa-no-es-de-los-millenials\/#primaryimage\",\"inLanguage\":\"es\",\"url\":\"https:\/\/afbcompucenter.com\/blog\/wp-content\/uploads\/2018\/03\/20170213140010-millennial.jpeg\",\"contentUrl\":\"https:\/\/afbcompucenter.com\/blog\/wp-content\/uploads\/2018\/03\/20170213140010-millennial.jpeg\",\"width\":700,\"height\":350},{\"@type\":\"WebPage\",\"@id\":\"https:\/\/afbcompucenter.com\/blog\/la-culpa-no-es-de-los-millenials\/#webpage\",\"url\":\"https:\/\/afbcompucenter.com\/blog\/la-culpa-no-es-de-los-millenials\/\",\"name\":\"La culpa no es de los Millenials - AFB Solutions BLOG\",\"isPartOf\":{\"@id\":\"https:\/\/afbcompucenter.com\/blog\/#website\"},\"primaryImageOfPage\":{\"@id\":\"https:\/\/afbcompucenter.com\/blog\/la-culpa-no-es-de-los-millenials\/#primaryimage\"},\"datePublished\":\"2018-03-06T10:46:37+00:00\",\"dateModified\":\"2018-03-04T14:49:15+00:00\",\"breadcrumb\":{\"@id\":\"https:\/\/afbcompucenter.com\/blog\/la-culpa-no-es-de-los-millenials\/#breadcrumb\"},\"inLanguage\":\"es\",\"potentialAction\":[{\"@type\":\"ReadAction\",\"target\":[\"https:\/\/afbcompucenter.com\/blog\/la-culpa-no-es-de-los-millenials\/\"]}]},{\"@type\":\"BreadcrumbList\",\"@id\":\"https:\/\/afbcompucenter.com\/blog\/la-culpa-no-es-de-los-millenials\/#breadcrumb\",\"itemListElement\":[{\"@type\":\"ListItem\",\"position\":1,\"name\":\"Portada\",\"item\":\"https:\/\/afbcompucenter.com\/blog\/\"},{\"@type\":\"ListItem\",\"position\":2,\"name\":\"La culpa no es de los Millenials\"}]},{\"@type\":\"Article\",\"@id\":\"https:\/\/afbcompucenter.com\/blog\/la-culpa-no-es-de-los-millenials\/#article\",\"isPartOf\":{\"@id\":\"https:\/\/afbcompucenter.com\/blog\/la-culpa-no-es-de-los-millenials\/#webpage\"},\"author\":{\"@id\":\"https:\/\/afbcompucenter.com\/blog\/#\/schema\/person\/a0f6b734ef81889287524ae60bf72426\"},\"headline\":\"La culpa no es de los Millenials\",\"datePublished\":\"2018-03-06T10:46:37+00:00\",\"dateModified\":\"2018-03-04T14:49:15+00:00\",\"mainEntityOfPage\":{\"@id\":\"https:\/\/afbcompucenter.com\/blog\/la-culpa-no-es-de-los-millenials\/#webpage\"},\"wordCount\":1221,\"commentCount\":0,\"publisher\":{\"@id\":\"https:\/\/afbcompucenter.com\/blog\/#organization\"},\"image\":{\"@id\":\"https:\/\/afbcompucenter.com\/blog\/la-culpa-no-es-de-los-millenials\/#primaryimage\"},\"thumbnailUrl\":\"https:\/\/afbcompucenter.com\/blog\/wp-content\/uploads\/2018\/03\/20170213140010-millennial.jpeg\",\"articleSection\":[\"Reclutamiento de personal\",\"Recursos Humanos\"],\"inLanguage\":\"es\",\"potentialAction\":[{\"@type\":\"CommentAction\",\"name\":\"Comment\",\"target\":[\"https:\/\/afbcompucenter.com\/blog\/la-culpa-no-es-de-los-millenials\/#respond\"]}]},{\"@type\":\"Person\",\"@id\":\"https:\/\/afbcompucenter.com\/blog\/#\/schema\/person\/a0f6b734ef81889287524ae60bf72426\",\"name\":\"admin\",\"image\":{\"@type\":\"ImageObject\",\"@id\":\"https:\/\/afbcompucenter.com\/blog\/#personlogo\",\"inLanguage\":\"es\",\"url\":\"https:\/\/afbcompucenter.com\/blog\/wp-content\/litespeed\/avatar\/a2cdb2bf5463b96ddb1b364741f22201.jpg?ver=1777177927\",\"contentUrl\":\"https:\/\/afbcompucenter.com\/blog\/wp-content\/litespeed\/avatar\/a2cdb2bf5463b96ddb1b364741f22201.jpg?ver=1777177927\",\"caption\":\"admin\"}}]}<\/script>\n<!-- \/ Yoast SEO plugin. -->","yoast_head_json":{"robots":{"index":"index","follow":"follow","max-snippet":"max-snippet:-1","max-image-preview":"max-image-preview:large","max-video-preview":"max-video-preview:-1"},"canonical":"https:\/\/afbcompucenter.com\/blog\/la-culpa-no-es-de-los-millenials\/","og_locale":"es_ES","og_type":"article","og_title":"La culpa no es de los Millenials - AFB Solutions BLOG","og_description":"Los millennial han sido acusados de ser una pesadilla para los empleadores. A los j\u00f3venes de esta generaci\u00f3n se les han adjudicado adjetivos como flojos, hedonistas e indolentes, mismos que los convierten en la peor inversi\u00f3n para una empresa. Tambi\u00e9n se les ha se\u00f1alado como culpables del alto porcentaje de rotaci\u00f3n de personal en las [&hellip;]","og_url":"https:\/\/afbcompucenter.com\/blog\/la-culpa-no-es-de-los-millenials\/","og_site_name":"AFB Solutions BLOG","article_publisher":"https:\/\/www.facebook.com\/AFBCompucenter","article_published_time":"2018-03-06T10:46:37+00:00","article_modified_time":"2018-03-04T14:49:15+00:00","og_image":[{"width":700,"height":350,"url":"https:\/\/afbcompucenter.com\/blog\/wp-content\/uploads\/2018\/03\/20170213140010-millennial.jpeg","path":"\/home\/luqkdwse\/public_html\/sitios\/afbcompucenter.com\/blog\/wp-content\/uploads\/2018\/03\/20170213140010-millennial.jpeg","size":"full","id":"462","alt":"","pixels":245000,"type":"image\/jpeg"}],"twitter_card":"summary_large_image","twitter_creator":"@afbcompucenter","twitter_site":"@afbcompucenter","twitter_misc":{"Escrito por":"admin","Tiempo de lectura":"6 minutos"},"schema":{"@context":"https:\/\/schema.org","@graph":[{"@type":"Organization","@id":"https:\/\/afbcompucenter.com\/blog\/#organization","name":"AFB Solutions","url":"https:\/\/afbcompucenter.com\/blog\/","sameAs":["https:\/\/www.facebook.com\/AFBCompucenter","https:\/\/www.instagram.com\/afbsolutions\/","https:\/\/www.linkedin.com\/company\/afbsolutions","https:\/\/twitter.com\/afbcompucenter"],"logo":{"@type":"ImageObject","@id":"https:\/\/afbcompucenter.com\/blog\/#logo","inLanguage":"es","url":"https:\/\/afbcompucenter.com\/blog\/wp-content\/uploads\/2025\/03\/afb-solutions-blog-R.png","contentUrl":"https:\/\/afbcompucenter.com\/blog\/wp-content\/uploads\/2025\/03\/afb-solutions-blog-R.png","width":544,"height":180,"caption":"AFB Solutions"},"image":{"@id":"https:\/\/afbcompucenter.com\/blog\/#logo"}},{"@type":"WebSite","@id":"https:\/\/afbcompucenter.com\/blog\/#website","url":"https:\/\/afbcompucenter.com\/blog\/","name":"AFB Solutions BLOG","description":"Haciendo que sus ideas viajen","publisher":{"@id":"https:\/\/afbcompucenter.com\/blog\/#organization"},"potentialAction":[{"@type":"SearchAction","target":{"@type":"EntryPoint","urlTemplate":"https:\/\/afbcompucenter.com\/blog\/?s={search_term_string}"},"query-input":"required name=search_term_string"}],"inLanguage":"es"},{"@type":"ImageObject","@id":"https:\/\/afbcompucenter.com\/blog\/la-culpa-no-es-de-los-millenials\/#primaryimage","inLanguage":"es","url":"https:\/\/afbcompucenter.com\/blog\/wp-content\/uploads\/2018\/03\/20170213140010-millennial.jpeg","contentUrl":"https:\/\/afbcompucenter.com\/blog\/wp-content\/uploads\/2018\/03\/20170213140010-millennial.jpeg","width":700,"height":350},{"@type":"WebPage","@id":"https:\/\/afbcompucenter.com\/blog\/la-culpa-no-es-de-los-millenials\/#webpage","url":"https:\/\/afbcompucenter.com\/blog\/la-culpa-no-es-de-los-millenials\/","name":"La culpa no es de los Millenials - AFB Solutions BLOG","isPartOf":{"@id":"https:\/\/afbcompucenter.com\/blog\/#website"},"primaryImageOfPage":{"@id":"https:\/\/afbcompucenter.com\/blog\/la-culpa-no-es-de-los-millenials\/#primaryimage"},"datePublished":"2018-03-06T10:46:37+00:00","dateModified":"2018-03-04T14:49:15+00:00","breadcrumb":{"@id":"https:\/\/afbcompucenter.com\/blog\/la-culpa-no-es-de-los-millenials\/#breadcrumb"},"inLanguage":"es","potentialAction":[{"@type":"ReadAction","target":["https:\/\/afbcompucenter.com\/blog\/la-culpa-no-es-de-los-millenials\/"]}]},{"@type":"BreadcrumbList","@id":"https:\/\/afbcompucenter.com\/blog\/la-culpa-no-es-de-los-millenials\/#breadcrumb","itemListElement":[{"@type":"ListItem","position":1,"name":"Portada","item":"https:\/\/afbcompucenter.com\/blog\/"},{"@type":"ListItem","position":2,"name":"La culpa no es de los Millenials"}]},{"@type":"Article","@id":"https:\/\/afbcompucenter.com\/blog\/la-culpa-no-es-de-los-millenials\/#article","isPartOf":{"@id":"https:\/\/afbcompucenter.com\/blog\/la-culpa-no-es-de-los-millenials\/#webpage"},"author":{"@id":"https:\/\/afbcompucenter.com\/blog\/#\/schema\/person\/a0f6b734ef81889287524ae60bf72426"},"headline":"La culpa no es de los Millenials","datePublished":"2018-03-06T10:46:37+00:00","dateModified":"2018-03-04T14:49:15+00:00","mainEntityOfPage":{"@id":"https:\/\/afbcompucenter.com\/blog\/la-culpa-no-es-de-los-millenials\/#webpage"},"wordCount":1221,"commentCount":0,"publisher":{"@id":"https:\/\/afbcompucenter.com\/blog\/#organization"},"image":{"@id":"https:\/\/afbcompucenter.com\/blog\/la-culpa-no-es-de-los-millenials\/#primaryimage"},"thumbnailUrl":"https:\/\/afbcompucenter.com\/blog\/wp-content\/uploads\/2018\/03\/20170213140010-millennial.jpeg","articleSection":["Reclutamiento de personal","Recursos Humanos"],"inLanguage":"es","potentialAction":[{"@type":"CommentAction","name":"Comment","target":["https:\/\/afbcompucenter.com\/blog\/la-culpa-no-es-de-los-millenials\/#respond"]}]},{"@type":"Person","@id":"https:\/\/afbcompucenter.com\/blog\/#\/schema\/person\/a0f6b734ef81889287524ae60bf72426","name":"admin","image":{"@type":"ImageObject","@id":"https:\/\/afbcompucenter.com\/blog\/#personlogo","inLanguage":"es","url":"https:\/\/afbcompucenter.com\/blog\/wp-content\/litespeed\/avatar\/a2cdb2bf5463b96ddb1b364741f22201.jpg?ver=1777177927","contentUrl":"https:\/\/afbcompucenter.com\/blog\/wp-content\/litespeed\/avatar\/a2cdb2bf5463b96ddb1b364741f22201.jpg?ver=1777177927","caption":"admin"}}]}},"jetpack_featured_media_url":"https:\/\/afbcompucenter.com\/blog\/wp-content\/uploads\/2018\/03\/20170213140010-millennial.jpeg","_links":{"self":[{"href":"https:\/\/afbcompucenter.com\/blog\/wp-json\/wp\/v2\/posts\/461"}],"collection":[{"href":"https:\/\/afbcompucenter.com\/blog\/wp-json\/wp\/v2\/posts"}],"about":[{"href":"https:\/\/afbcompucenter.com\/blog\/wp-json\/wp\/v2\/types\/post"}],"author":[{"embeddable":true,"href":"https:\/\/afbcompucenter.com\/blog\/wp-json\/wp\/v2\/users\/1"}],"replies":[{"embeddable":true,"href":"https:\/\/afbcompucenter.com\/blog\/wp-json\/wp\/v2\/comments?post=461"}],"version-history":[{"count":0,"href":"https:\/\/afbcompucenter.com\/blog\/wp-json\/wp\/v2\/posts\/461\/revisions"}],"wp:featuredmedia":[{"embeddable":true,"href":"https:\/\/afbcompucenter.com\/blog\/wp-json\/wp\/v2\/media\/462"}],"wp:attachment":[{"href":"https:\/\/afbcompucenter.com\/blog\/wp-json\/wp\/v2\/media?parent=461"}],"wp:term":[{"taxonomy":"category","embeddable":true,"href":"https:\/\/afbcompucenter.com\/blog\/wp-json\/wp\/v2\/categories?post=461"},{"taxonomy":"post_tag","embeddable":true,"href":"https:\/\/afbcompucenter.com\/blog\/wp-json\/wp\/v2\/tags?post=461"}],"curies":[{"name":"wp","href":"https:\/\/api.w.org\/{rel}","templated":true}]}}