{"id":491,"date":"2018-05-07T14:33:59","date_gmt":"2018-05-07T14:33:59","guid":{"rendered":"http:\/\/afbcompucenter.com\/blog\/?p=491"},"modified":"2018-07-30T23:31:15","modified_gmt":"2018-07-30T23:31:15","slug":"el-acoso-laboral-detectalo-denuncialo","status":"publish","type":"post","link":"https:\/\/afbcompucenter.com\/blog\/el-acoso-laboral-detectalo-denuncialo\/","title":{"rendered":"El acoso laboral. Det\u00e9ctalo, den\u00fancialo."},"content":{"rendered":"<p>Seguro que est\u00e1s al tanto del revuelo que est\u00e1 ocurriendo en el mundo del cine. Las\u00a0denuncias de acoso sufrido por parte de actrices\u00a0est\u00e1n poniendo de manifiesto una realidad terrible. El\u00a0<strong>acoso laboral<\/strong>\u00a0est\u00e1 a la orden del d\u00eda en todos los \u00e1mbitos profesionales. Y si adem\u00e1s se le a\u00f1ade el factor sexual como es el caso, lo \u00fanico que hace es ahondar m\u00e1s en el problema.<span id=\"more-4451\"><\/span><\/p>\n<div id=\"ez-toc-container\" class=\"ez-toc-v2_0_49 counter-hierarchy ez-toc-counter ez-toc-grey ez-toc-container-direction\">\n<div class=\"ez-toc-title-container\">\n<p class=\"ez-toc-title\">Contenido<\/p>\n<span class=\"ez-toc-title-toggle\"><a href=\"#\" class=\"ez-toc-pull-right ez-toc-btn ez-toc-btn-xs ez-toc-btn-default ez-toc-toggle\" aria-label=\"ez-toc-toggle-icon-1\"><label for=\"item-69f2cc0ce87bb\" aria-label=\"Tabla de contenidos\"><span style=\"display: flex;align-items: center;width: 35px;height: 30px;justify-content: center;direction:ltr;\"><svg style=\"fill: #999;color:#999\" xmlns=\"http:\/\/www.w3.org\/2000\/svg\" class=\"list-377408\" width=\"20px\" height=\"20px\" viewBox=\"0 0 24 24\" fill=\"none\"><path d=\"M6 6H4v2h2V6zm14 0H8v2h12V6zM4 11h2v2H4v-2zm16 0H8v2h12v-2zM4 16h2v2H4v-2zm16 0H8v2h12v-2z\" fill=\"currentColor\"><\/path><\/svg><svg style=\"fill: #999;color:#999\" class=\"arrow-unsorted-368013\" xmlns=\"http:\/\/www.w3.org\/2000\/svg\" width=\"10px\" height=\"10px\" viewBox=\"0 0 24 24\" version=\"1.2\" baseProfile=\"tiny\"><path d=\"M18.2 9.3l-6.2-6.3-6.2 6.3c-.2.2-.3.4-.3.7s.1.5.3.7c.2.2.4.3.7.3h11c.3 0 .5-.1.7-.3.2-.2.3-.5.3-.7s-.1-.5-.3-.7zM5.8 14.7l6.2 6.3 6.2-6.3c.2-.2.3-.5.3-.7s-.1-.5-.3-.7c-.2-.2-.4-.3-.7-.3h-11c-.3 0-.5.1-.7.3-.2.2-.3.5-.3.7s.1.5.3.7z\"\/><\/svg><\/span><\/label><input  type=\"checkbox\" id=\"item-69f2cc0ce87bb\"><\/a><\/span><\/div>\n<nav><ul class='ez-toc-list ez-toc-list-level-1 ' ><li class='ez-toc-page-1 ez-toc-heading-level-2'><a class=\"ez-toc-link ez-toc-heading-1\" href=\"https:\/\/afbcompucenter.com\/blog\/el-acoso-laboral-detectalo-denuncialo\/#%C2%BFComo_detectar_el_acoso_laboral_en_el_trabajo\" title=\"\u00bfC\u00f3mo detectar el acoso laboral en el trabajo?\">\u00bfC\u00f3mo detectar el acoso laboral en el trabajo?<\/a><\/li><li class='ez-toc-page-1 ez-toc-heading-level-2'><a class=\"ez-toc-link ez-toc-heading-2\" href=\"https:\/\/afbcompucenter.com\/blog\/el-acoso-laboral-detectalo-denuncialo\/#%C2%BFQue_hacer_para_denunciar_acoso_laboral\" title=\"\u00bfQu\u00e9 hacer para denunciar acoso laboral?\">\u00bfQu\u00e9 hacer para denunciar acoso laboral?<\/a><\/li><\/ul><\/nav><\/div>\n<h2><span class=\"ez-toc-section\" id=\"%C2%BFComo_detectar_el_acoso_laboral_en_el_trabajo\"><\/span>\u00bfC\u00f3mo detectar el acoso laboral en el trabajo?<span class=\"ez-toc-section-end\"><\/span><\/h2>\n<p>Hay muchas maneras de sufrir\u00a0acoso laboral. Desde la sobre carga de trabajo hasta la completa ignorancia hacia el trabajador, las manifestaciones son m\u00faltiples. Hay muchos tipos de acoso, y no necesariamente proviene de jefes o superiores. El aislamiento, la mofa, el sufrir que se cuestione todo tu trabajo\u2026 Todo esto son elementos que indican que algo no funciona bien. Y puede ser desde tus propios compa\u00f1eros tambi\u00e9n. El\u00a0acoso laboral\u00a0o mobbing se puede definir como\u00a0<em>aquel comportamiento negativo entre compa\u00f1eros o entre superiores o inferiores jer\u00e1rquicos, a causa del cual el afectado es objeto de acoso y ataque sistem\u00e1tico durante mucho tiempo, de modo directo o indirecto, por parte de una o m\u00e1s personas, con el objetivo y\/o efecto de \u201chacerle el vac\u00edo\u201d<\/em><\/p>\n<p>Si en tu d\u00eda a d\u00eda laboral sientes que eres menospreciado, que tus compa\u00f1eros y jefes no cuentan contigo, o por contra, te dan una excesiva carga de trabajo imposible de cumplir. Adem\u00e1s sufres comentarios que atentan contra tu integridad o dignidad, o incluso tocamientos, sin duda deber\u00edas actuar.<\/p>\n<h2><span class=\"ez-toc-section\" id=\"%C2%BFQue_hacer_para_denunciar_acoso_laboral\"><\/span>\u00bfQu\u00e9 hacer para denunciar acoso laboral?<span class=\"ez-toc-section-end\"><\/span><\/h2>\n<p>Lo primero que debes hacer es\u00a0<strong>obtener pruebas objetivas<\/strong>. Recaba documentos, mails, mensajes de texto, grabaciones, cualquier cosa que sirva de prueba para demostrar el acoso.\u00a0<strong>Acude a los representates de los trabajadores de tu empresa<\/strong>\u00a0y pon en conocimiento la circunstancia. Ellos te podr\u00e1n asesorar. Pero no dejes pasar la situaci\u00f3n pensando que se solventar\u00e1 sola. Por lo general un acosador no cede de manera voluntaria.<\/p>\n<p>Sobre todo intenta que no haga mella en tu autoestima. Es muy dif\u00edcil sobrellevar con entereza esta situaci\u00f3n, no te calles y pide ayuda cuanto antes. Hazte valer y denuncia.<\/p>\n<p><a href=\"https:\/\/buscountrabajo.es\/noticias-empleo\/acoso-laboral-trabajo\/\">Fuente<\/a><\/p>\n","protected":false},"excerpt":{"rendered":"<p>Seguro que est\u00e1s al tanto del revuelo que est\u00e1 ocurriendo en el mundo del cine. Las\u00a0denuncias de acoso sufrido por parte de actrices\u00a0est\u00e1n poniendo de manifiesto una realidad terrible. El\u00a0acoso laboral\u00a0est\u00e1 a la orden del d\u00eda en todos los \u00e1mbitos profesionales. Y si adem\u00e1s se le a\u00f1ade el factor sexual como es el caso, lo [&hellip;]<\/p>\n","protected":false},"author":1,"featured_media":492,"comment_status":"open","ping_status":"open","sticky":false,"template":"","format":"standard","meta":{"spay_email":""},"categories":[22],"tags":[],"acf":[],"yoast_head":"<!-- This site is optimized with the Yoast SEO plugin v16.7 - https:\/\/yoast.com\/wordpress\/plugins\/seo\/ -->\n<meta name=\"robots\" content=\"index, follow, max-snippet:-1, max-image-preview:large, max-video-preview:-1\" \/>\n<link rel=\"canonical\" href=\"https:\/\/afbcompucenter.com\/blog\/el-acoso-laboral-detectalo-denuncialo\/\" \/>\n<meta property=\"og:locale\" content=\"es_ES\" \/>\n<meta property=\"og:type\" content=\"article\" \/>\n<meta property=\"og:title\" content=\"El acoso laboral. Det\u00e9ctalo, den\u00fancialo. - AFB Solutions BLOG\" \/>\n<meta property=\"og:description\" content=\"Seguro que est\u00e1s al tanto del revuelo que est\u00e1 ocurriendo en el mundo del cine. Las\u00a0denuncias de acoso sufrido por parte de actrices\u00a0est\u00e1n poniendo de manifiesto una realidad terrible. El\u00a0acoso laboral\u00a0est\u00e1 a la orden del d\u00eda en todos los \u00e1mbitos profesionales. Y si adem\u00e1s se le a\u00f1ade el factor sexual como es el caso, lo [&hellip;]\" \/>\n<meta property=\"og:url\" content=\"https:\/\/afbcompucenter.com\/blog\/el-acoso-laboral-detectalo-denuncialo\/\" \/>\n<meta property=\"og:site_name\" content=\"AFB Solutions BLOG\" \/>\n<meta property=\"article:publisher\" content=\"https:\/\/www.facebook.com\/AFBCompucenter\" \/>\n<meta property=\"article:published_time\" content=\"2018-05-07T14:33:59+00:00\" \/>\n<meta property=\"article:modified_time\" content=\"2018-07-30T23:31:15+00:00\" \/>\n<meta property=\"og:image\" content=\"https:\/\/afbcompucenter.com\/blog\/wp-content\/uploads\/2018\/05\/acoso-laboral.jpg\" \/>\n\t<meta property=\"og:image:width\" content=\"1024\" \/>\n\t<meta property=\"og:image:height\" content=\"683\" \/>\n<meta name=\"twitter:card\" content=\"summary_large_image\" \/>\n<meta name=\"twitter:creator\" content=\"@afbcompucenter\" \/>\n<meta name=\"twitter:site\" content=\"@afbcompucenter\" \/>\n<meta name=\"twitter:label1\" content=\"Escrito por\" \/>\n\t<meta name=\"twitter:data1\" content=\"admin\" \/>\n\t<meta name=\"twitter:label2\" content=\"Tiempo de lectura\" \/>\n\t<meta name=\"twitter:data2\" content=\"2 minutos\" \/>\n<script type=\"application\/ld+json\" class=\"yoast-schema-graph\">{\"@context\":\"https:\/\/schema.org\",\"@graph\":[{\"@type\":\"Organization\",\"@id\":\"https:\/\/afbcompucenter.com\/blog\/#organization\",\"name\":\"AFB Solutions\",\"url\":\"https:\/\/afbcompucenter.com\/blog\/\",\"sameAs\":[\"https:\/\/www.facebook.com\/AFBCompucenter\",\"https:\/\/www.instagram.com\/afbsolutions\/\",\"https:\/\/www.linkedin.com\/company\/afbsolutions\",\"https:\/\/twitter.com\/afbcompucenter\"],\"logo\":{\"@type\":\"ImageObject\",\"@id\":\"https:\/\/afbcompucenter.com\/blog\/#logo\",\"inLanguage\":\"es\",\"url\":\"https:\/\/afbcompucenter.com\/blog\/wp-content\/uploads\/2025\/03\/afb-solutions-blog-R.png\",\"contentUrl\":\"https:\/\/afbcompucenter.com\/blog\/wp-content\/uploads\/2025\/03\/afb-solutions-blog-R.png\",\"width\":544,\"height\":180,\"caption\":\"AFB Solutions\"},\"image\":{\"@id\":\"https:\/\/afbcompucenter.com\/blog\/#logo\"}},{\"@type\":\"WebSite\",\"@id\":\"https:\/\/afbcompucenter.com\/blog\/#website\",\"url\":\"https:\/\/afbcompucenter.com\/blog\/\",\"name\":\"AFB Solutions BLOG\",\"description\":\"Haciendo que sus ideas viajen\",\"publisher\":{\"@id\":\"https:\/\/afbcompucenter.com\/blog\/#organization\"},\"potentialAction\":[{\"@type\":\"SearchAction\",\"target\":{\"@type\":\"EntryPoint\",\"urlTemplate\":\"https:\/\/afbcompucenter.com\/blog\/?s={search_term_string}\"},\"query-input\":\"required name=search_term_string\"}],\"inLanguage\":\"es\"},{\"@type\":\"ImageObject\",\"@id\":\"https:\/\/afbcompucenter.com\/blog\/el-acoso-laboral-detectalo-denuncialo\/#primaryimage\",\"inLanguage\":\"es\",\"url\":\"https:\/\/afbcompucenter.com\/blog\/wp-content\/uploads\/2018\/05\/acoso-laboral.jpg\",\"contentUrl\":\"https:\/\/afbcompucenter.com\/blog\/wp-content\/uploads\/2018\/05\/acoso-laboral.jpg\",\"width\":1024,\"height\":683},{\"@type\":\"WebPage\",\"@id\":\"https:\/\/afbcompucenter.com\/blog\/el-acoso-laboral-detectalo-denuncialo\/#webpage\",\"url\":\"https:\/\/afbcompucenter.com\/blog\/el-acoso-laboral-detectalo-denuncialo\/\",\"name\":\"El acoso laboral. Det\\u00e9ctalo, den\\u00fancialo. - AFB Solutions BLOG\",\"isPartOf\":{\"@id\":\"https:\/\/afbcompucenter.com\/blog\/#website\"},\"primaryImageOfPage\":{\"@id\":\"https:\/\/afbcompucenter.com\/blog\/el-acoso-laboral-detectalo-denuncialo\/#primaryimage\"},\"datePublished\":\"2018-05-07T14:33:59+00:00\",\"dateModified\":\"2018-07-30T23:31:15+00:00\",\"breadcrumb\":{\"@id\":\"https:\/\/afbcompucenter.com\/blog\/el-acoso-laboral-detectalo-denuncialo\/#breadcrumb\"},\"inLanguage\":\"es\",\"potentialAction\":[{\"@type\":\"ReadAction\",\"target\":[\"https:\/\/afbcompucenter.com\/blog\/el-acoso-laboral-detectalo-denuncialo\/\"]}]},{\"@type\":\"BreadcrumbList\",\"@id\":\"https:\/\/afbcompucenter.com\/blog\/el-acoso-laboral-detectalo-denuncialo\/#breadcrumb\",\"itemListElement\":[{\"@type\":\"ListItem\",\"position\":1,\"name\":\"Portada\",\"item\":\"https:\/\/afbcompucenter.com\/blog\/\"},{\"@type\":\"ListItem\",\"position\":2,\"name\":\"El acoso laboral. Det\\u00e9ctalo, den\\u00fancialo.\"}]},{\"@type\":\"Article\",\"@id\":\"https:\/\/afbcompucenter.com\/blog\/el-acoso-laboral-detectalo-denuncialo\/#article\",\"isPartOf\":{\"@id\":\"https:\/\/afbcompucenter.com\/blog\/el-acoso-laboral-detectalo-denuncialo\/#webpage\"},\"author\":{\"@id\":\"https:\/\/afbcompucenter.com\/blog\/#\/schema\/person\/a0f6b734ef81889287524ae60bf72426\"},\"headline\":\"El acoso laboral. Det\\u00e9ctalo, den\\u00fancialo.\",\"datePublished\":\"2018-05-07T14:33:59+00:00\",\"dateModified\":\"2018-07-30T23:31:15+00:00\",\"mainEntityOfPage\":{\"@id\":\"https:\/\/afbcompucenter.com\/blog\/el-acoso-laboral-detectalo-denuncialo\/#webpage\"},\"wordCount\":386,\"commentCount\":0,\"publisher\":{\"@id\":\"https:\/\/afbcompucenter.com\/blog\/#organization\"},\"image\":{\"@id\":\"https:\/\/afbcompucenter.com\/blog\/el-acoso-laboral-detectalo-denuncialo\/#primaryimage\"},\"thumbnailUrl\":\"https:\/\/afbcompucenter.com\/blog\/wp-content\/uploads\/2018\/05\/acoso-laboral.jpg\",\"articleSection\":[\"Recursos Humanos\"],\"inLanguage\":\"es\",\"potentialAction\":[{\"@type\":\"CommentAction\",\"name\":\"Comment\",\"target\":[\"https:\/\/afbcompucenter.com\/blog\/el-acoso-laboral-detectalo-denuncialo\/#respond\"]}]},{\"@type\":\"Person\",\"@id\":\"https:\/\/afbcompucenter.com\/blog\/#\/schema\/person\/a0f6b734ef81889287524ae60bf72426\",\"name\":\"admin\",\"image\":{\"@type\":\"ImageObject\",\"@id\":\"https:\/\/afbcompucenter.com\/blog\/#personlogo\",\"inLanguage\":\"es\",\"url\":\"https:\/\/afbcompucenter.com\/blog\/wp-content\/litespeed\/avatar\/a2cdb2bf5463b96ddb1b364741f22201.jpg?ver=1777177927\",\"contentUrl\":\"https:\/\/afbcompucenter.com\/blog\/wp-content\/litespeed\/avatar\/a2cdb2bf5463b96ddb1b364741f22201.jpg?ver=1777177927\",\"caption\":\"admin\"}}]}<\/script>\n<!-- \/ Yoast SEO plugin. -->","yoast_head_json":{"robots":{"index":"index","follow":"follow","max-snippet":"max-snippet:-1","max-image-preview":"max-image-preview:large","max-video-preview":"max-video-preview:-1"},"canonical":"https:\/\/afbcompucenter.com\/blog\/el-acoso-laboral-detectalo-denuncialo\/","og_locale":"es_ES","og_type":"article","og_title":"El acoso laboral. Det\u00e9ctalo, den\u00fancialo. - AFB Solutions BLOG","og_description":"Seguro que est\u00e1s al tanto del revuelo que est\u00e1 ocurriendo en el mundo del cine. Las\u00a0denuncias de acoso sufrido por parte de actrices\u00a0est\u00e1n poniendo de manifiesto una realidad terrible. El\u00a0acoso laboral\u00a0est\u00e1 a la orden del d\u00eda en todos los \u00e1mbitos profesionales. Y si adem\u00e1s se le a\u00f1ade el factor sexual como es el caso, lo [&hellip;]","og_url":"https:\/\/afbcompucenter.com\/blog\/el-acoso-laboral-detectalo-denuncialo\/","og_site_name":"AFB Solutions BLOG","article_publisher":"https:\/\/www.facebook.com\/AFBCompucenter","article_published_time":"2018-05-07T14:33:59+00:00","article_modified_time":"2018-07-30T23:31:15+00:00","og_image":[{"width":1024,"height":683,"url":"https:\/\/afbcompucenter.com\/blog\/wp-content\/uploads\/2018\/05\/acoso-laboral.jpg","path":"\/home\/luqkdwse\/public_html\/sitios\/afbcompucenter.com\/blog\/wp-content\/uploads\/2018\/05\/acoso-laboral.jpg","size":"full","id":"492","alt":"","pixels":699392,"type":"image\/jpeg"}],"twitter_card":"summary_large_image","twitter_creator":"@afbcompucenter","twitter_site":"@afbcompucenter","twitter_misc":{"Escrito por":"admin","Tiempo de lectura":"2 minutos"},"schema":{"@context":"https:\/\/schema.org","@graph":[{"@type":"Organization","@id":"https:\/\/afbcompucenter.com\/blog\/#organization","name":"AFB Solutions","url":"https:\/\/afbcompucenter.com\/blog\/","sameAs":["https:\/\/www.facebook.com\/AFBCompucenter","https:\/\/www.instagram.com\/afbsolutions\/","https:\/\/www.linkedin.com\/company\/afbsolutions","https:\/\/twitter.com\/afbcompucenter"],"logo":{"@type":"ImageObject","@id":"https:\/\/afbcompucenter.com\/blog\/#logo","inLanguage":"es","url":"https:\/\/afbcompucenter.com\/blog\/wp-content\/uploads\/2025\/03\/afb-solutions-blog-R.png","contentUrl":"https:\/\/afbcompucenter.com\/blog\/wp-content\/uploads\/2025\/03\/afb-solutions-blog-R.png","width":544,"height":180,"caption":"AFB Solutions"},"image":{"@id":"https:\/\/afbcompucenter.com\/blog\/#logo"}},{"@type":"WebSite","@id":"https:\/\/afbcompucenter.com\/blog\/#website","url":"https:\/\/afbcompucenter.com\/blog\/","name":"AFB Solutions BLOG","description":"Haciendo que sus ideas viajen","publisher":{"@id":"https:\/\/afbcompucenter.com\/blog\/#organization"},"potentialAction":[{"@type":"SearchAction","target":{"@type":"EntryPoint","urlTemplate":"https:\/\/afbcompucenter.com\/blog\/?s={search_term_string}"},"query-input":"required name=search_term_string"}],"inLanguage":"es"},{"@type":"ImageObject","@id":"https:\/\/afbcompucenter.com\/blog\/el-acoso-laboral-detectalo-denuncialo\/#primaryimage","inLanguage":"es","url":"https:\/\/afbcompucenter.com\/blog\/wp-content\/uploads\/2018\/05\/acoso-laboral.jpg","contentUrl":"https:\/\/afbcompucenter.com\/blog\/wp-content\/uploads\/2018\/05\/acoso-laboral.jpg","width":1024,"height":683},{"@type":"WebPage","@id":"https:\/\/afbcompucenter.com\/blog\/el-acoso-laboral-detectalo-denuncialo\/#webpage","url":"https:\/\/afbcompucenter.com\/blog\/el-acoso-laboral-detectalo-denuncialo\/","name":"El acoso laboral. Det\u00e9ctalo, den\u00fancialo. - AFB Solutions BLOG","isPartOf":{"@id":"https:\/\/afbcompucenter.com\/blog\/#website"},"primaryImageOfPage":{"@id":"https:\/\/afbcompucenter.com\/blog\/el-acoso-laboral-detectalo-denuncialo\/#primaryimage"},"datePublished":"2018-05-07T14:33:59+00:00","dateModified":"2018-07-30T23:31:15+00:00","breadcrumb":{"@id":"https:\/\/afbcompucenter.com\/blog\/el-acoso-laboral-detectalo-denuncialo\/#breadcrumb"},"inLanguage":"es","potentialAction":[{"@type":"ReadAction","target":["https:\/\/afbcompucenter.com\/blog\/el-acoso-laboral-detectalo-denuncialo\/"]}]},{"@type":"BreadcrumbList","@id":"https:\/\/afbcompucenter.com\/blog\/el-acoso-laboral-detectalo-denuncialo\/#breadcrumb","itemListElement":[{"@type":"ListItem","position":1,"name":"Portada","item":"https:\/\/afbcompucenter.com\/blog\/"},{"@type":"ListItem","position":2,"name":"El acoso laboral. Det\u00e9ctalo, den\u00fancialo."}]},{"@type":"Article","@id":"https:\/\/afbcompucenter.com\/blog\/el-acoso-laboral-detectalo-denuncialo\/#article","isPartOf":{"@id":"https:\/\/afbcompucenter.com\/blog\/el-acoso-laboral-detectalo-denuncialo\/#webpage"},"author":{"@id":"https:\/\/afbcompucenter.com\/blog\/#\/schema\/person\/a0f6b734ef81889287524ae60bf72426"},"headline":"El acoso laboral. Det\u00e9ctalo, den\u00fancialo.","datePublished":"2018-05-07T14:33:59+00:00","dateModified":"2018-07-30T23:31:15+00:00","mainEntityOfPage":{"@id":"https:\/\/afbcompucenter.com\/blog\/el-acoso-laboral-detectalo-denuncialo\/#webpage"},"wordCount":386,"commentCount":0,"publisher":{"@id":"https:\/\/afbcompucenter.com\/blog\/#organization"},"image":{"@id":"https:\/\/afbcompucenter.com\/blog\/el-acoso-laboral-detectalo-denuncialo\/#primaryimage"},"thumbnailUrl":"https:\/\/afbcompucenter.com\/blog\/wp-content\/uploads\/2018\/05\/acoso-laboral.jpg","articleSection":["Recursos Humanos"],"inLanguage":"es","potentialAction":[{"@type":"CommentAction","name":"Comment","target":["https:\/\/afbcompucenter.com\/blog\/el-acoso-laboral-detectalo-denuncialo\/#respond"]}]},{"@type":"Person","@id":"https:\/\/afbcompucenter.com\/blog\/#\/schema\/person\/a0f6b734ef81889287524ae60bf72426","name":"admin","image":{"@type":"ImageObject","@id":"https:\/\/afbcompucenter.com\/blog\/#personlogo","inLanguage":"es","url":"https:\/\/afbcompucenter.com\/blog\/wp-content\/litespeed\/avatar\/a2cdb2bf5463b96ddb1b364741f22201.jpg?ver=1777177927","contentUrl":"https:\/\/afbcompucenter.com\/blog\/wp-content\/litespeed\/avatar\/a2cdb2bf5463b96ddb1b364741f22201.jpg?ver=1777177927","caption":"admin"}}]}},"jetpack_featured_media_url":"https:\/\/afbcompucenter.com\/blog\/wp-content\/uploads\/2018\/05\/acoso-laboral.jpg","_links":{"self":[{"href":"https:\/\/afbcompucenter.com\/blog\/wp-json\/wp\/v2\/posts\/491"}],"collection":[{"href":"https:\/\/afbcompucenter.com\/blog\/wp-json\/wp\/v2\/posts"}],"about":[{"href":"https:\/\/afbcompucenter.com\/blog\/wp-json\/wp\/v2\/types\/post"}],"author":[{"embeddable":true,"href":"https:\/\/afbcompucenter.com\/blog\/wp-json\/wp\/v2\/users\/1"}],"replies":[{"embeddable":true,"href":"https:\/\/afbcompucenter.com\/blog\/wp-json\/wp\/v2\/comments?post=491"}],"version-history":[{"count":0,"href":"https:\/\/afbcompucenter.com\/blog\/wp-json\/wp\/v2\/posts\/491\/revisions"}],"wp:featuredmedia":[{"embeddable":true,"href":"https:\/\/afbcompucenter.com\/blog\/wp-json\/wp\/v2\/media\/492"}],"wp:attachment":[{"href":"https:\/\/afbcompucenter.com\/blog\/wp-json\/wp\/v2\/media?parent=491"}],"wp:term":[{"taxonomy":"category","embeddable":true,"href":"https:\/\/afbcompucenter.com\/blog\/wp-json\/wp\/v2\/categories?post=491"},{"taxonomy":"post_tag","embeddable":true,"href":"https:\/\/afbcompucenter.com\/blog\/wp-json\/wp\/v2\/tags?post=491"}],"curies":[{"name":"wp","href":"https:\/\/api.w.org\/{rel}","templated":true}]}}